{"id":1382,"date":"2024-02-06T10:14:43","date_gmt":"2024-02-06T09:14:43","guid":{"rendered":"https:\/\/blog.bamacgroup.com\/?p=1382"},"modified":"2025-03-06T12:52:51","modified_gmt":"2025-03-06T11:52:51","slug":"die-zeit-der-it-effizienz-kehrt-zurueck","status":"publish","type":"post","link":"https:\/\/www.bamacgroup.com\/de\/blog\/die-zeit-der-it-effizienz-kehrt-zurueck\/","title":{"rendered":"Die Zeit der Effizienz kehrt zur\u00fcck!"},"content":{"rendered":"\n<h2 class=\"wp-block-heading\" id=\"h-nach-jahren-der-jagd-nach-innovationen-kehrt-die-it-effizienz-zuruck-woher-wir-das-wissen-hier-sind-die-grunde\">Nach Jahren der Jagd nach Innovationen, kehrt die IT Effizienz zur\u00fcck. Woher wir das wissen? Hier sind die Gr\u00fcnde\u2026<\/h2>\n\n\n\n<p>Liebe Leserinnen und Leser,<\/p>\n\n\n\n<p>es gibt Momente in der Welt der Informationstechnologie, in denen es scheint, als w\u00fcrden wir uns auf einem wilden Ritt durch ein unkontrollierbares Technologieuniversum befinden. Themen wie IT Effizienz schienen belanglos. In den letzten Jahren wurden wir Zeugen einer beispiellosen <strong>Explosion von Innovationen und Fortschritten<\/strong>, die unser t\u00e4gliches Leben revolutioniert haben. Von k\u00fcnstlicher Intelligenz \u00fcber das Internet der Dinge bis hin zur Cloud-Technologie &#8211; die IT-Branche hat sich in einem atemberaubenden Tempo entwickelt.<\/p>\n\n\n\n<p>Doch mit dieser beispiellosen <strong>Entwicklung<\/strong> kamen auch <strong>Herausforderungen<\/strong>. Die Geschwindigkeit, mit der neue Technologien auf den Markt kamen, \u00fcberforderte oft Unternehmen und IT-Abteilungen. Effizienz schien inmitten der Jagd nach Innovationen verloren zu gehen. Doch heute m\u00f6chte ich Ihnen eine ermutigende Nachricht \u00fcberbringen: <strong>Die IT Effizienz kehrt zur\u00fcck!<\/strong><\/p>\n\n\n\n<p>Warum dieser pl\u00f6tzliche Wandel? Hier sind einige Gr\u00fcnde, die diese<strong> positive Entwicklung<\/strong> hin zur effizienten IT vorantreiben:<\/p>\n\n\n\n<ol class=\"wp-block-list\">\n<li><strong>Konsolidierung von Technologien<\/strong>: Unternehmen haben erkannt, dass sie nicht jeden neuen Trend und jede Technologie sofort \u00fcbernehmen m\u00fcssen. Stattdessen wird mehr Wert auf eine gezielte Auswahl gelegt. Diese Konsolidierung erm\u00f6glicht es, Ressourcen effizienter einzusetzen.<\/li>\n\n\n\n<li><strong>Automatisierung und k\u00fcnstliche Intelligenz<\/strong>: Die Automatisierung von Prozessen und der Einsatz von k\u00fcnstlicher Intelligenz haben es Unternehmen erm\u00f6glicht, repetitive Aufgaben zu eliminieren und die Fehlerquote zu reduzieren. Dadurch k\u00f6nnen IT-Teams ihre Zeit auf strategische Initiativen konzentrieren.<\/li>\n\n\n\n<li><strong>Cloud-Technologie<\/strong>: Die Cloud hat die Skalierbarkeit und Flexibilit\u00e4t von IT-Infrastrukturen erheblich verbessert. Unternehmen k\u00f6nnen Ressourcen bedarfsgerecht bereitstellen und zahlen nur f\u00fcr das, was sie tats\u00e4chlich nutzen. Dies f\u00fchrt zu Kosteneinsparungen und Effizienzsteigerungen.<\/li>\n\n\n\n<li><strong>Sicherheitsbewusstsein<\/strong>: Angesichts der zunehmenden Bedrohungen durch Cyberangriffe und Datenschutzverletzungen haben Unternehmen verst\u00e4rkt in Sicherheitsma\u00dfnahmen investiert. Dies tr\u00e4gt dazu bei, Ausfallzeiten und Datenverluste zu reduzieren, was wiederum die IT Effizienz erh\u00f6ht.<\/li>\n\n\n\n<li><strong>Agiles Projektmanagement<\/strong>: Agile Methoden haben sich in der IT als \u00e4u\u00dferst effektiv erwiesen. Sie erm\u00f6glichen es Teams, flexibel auf sich \u00e4ndernde Anforderungen zu reagieren und Projekte in k\u00fcrzerer Zeit abzuschlie\u00dfen.<\/li>\n\n\n\n<li><strong>Zinsentwicklung:<\/strong> Die Zeit des &#8222;billigen Geldes&#8220; hat mit dem Anstieg der Inflation ein j\u00e4hes Ende in Deutschland genommen. Damit hat der effiziente Umgang mit Kapital wieder an Bedeutung in der Unternehmenssteuerung gewonnen. <\/li>\n<\/ol>\n\n\n\n<p>Diese Entwicklungen zeigen, dass die IT-Branche nicht nur in der Lage ist, technologische Fortschritte voranzutreiben, sondern auch die F\u00e4higkeit besitzt, die eigenen Prozesse und Ressourcen effizient zu verwalten. Es ist ein Zeichen daf\u00fcr, dass wir eine<strong> neue Reife in der IT <\/strong>erreichen, die es uns erm\u00f6glicht, die Vorteile der Technologie in vollem Umfang zu nutzen, ohne in einem unkontrollierten Chaos zu versinken.<\/p>\n\n\n\n<p>Nat\u00fcrlich gibt es immer noch Herausforderungen, die bew\u00e4ltigt werden m\u00fcssen. Die rasante Entwicklung neuer Technologien wird nicht nachlassen, und die Sicherheitsbedenken werden weiterhin pr\u00e4sent sein. Aber wenn wir aus der j\u00fcngsten Vergangenheit lernen, k\u00f6nnen wir <strong>optimistisch<\/strong> in die Zukunft blicken.<\/p>\n\n\n\n<p>In der Welt der IT ist die Effizienz zur\u00fcckgekehrt, und das ist eine erfreuliche Nachricht f\u00fcr Unternehmen und Technologiebegeisterte gleicherma\u00dfen. Wir k\u00f6nnen uns auf eine Zeit freuen, in der<strong> <\/strong>Innovation und Effizienz Hand in Hand gehen, um die Welt in <strong>positiver Weise<\/strong> zu ver\u00e4ndern.<\/p>\n\n\n\n<p>In diesem Sinne, lassen Sie uns die IT-Effizienz feiern und gespannt sein, welche aufregenden Entwicklungen die Zukunft noch bereith\u00e4lt.<\/p>\n\n\n\n<p>Herzliche Gr\u00fc\u00dfe aus Hennef w\u00fcnscht Ihnen<\/p>\n\n\n\n<p>J\u00fcrgen Bach<\/p>\n","protected":false},"excerpt":{"rendered":"<p> In den letzten Jahren wurden wir Zeugen einer beispiellosen Explosion von Innovationen im IT Bereich, die unser t\u00e4gliches Leben revolutioniert und uns gleichzeitig herausgefordert haben. Die IT Effizienz schien in dieser Zeit verloren gegangen zu sein, aber jetzt kehrt sie zur\u00fcck.<\/p>\n","protected":false},"author":4,"featured_media":7092,"comment_status":"closed","ping_status":"open","sticky":false,"template":"","format":"standard","meta":{"footnotes":""},"categories":[71,7],"tags":[70,63],"class_list":["post-1382","post","type-post","status-publish","format-standard","has-post-thumbnail","hentry","category-compliance","category-kolumne","tag-compliance-de","tag-kolumne"],"yoast_head":"<!-- This site is optimized with the Yoast SEO Premium plugin v26.0 (Yoast SEO v27.5) - https:\/\/yoast.com\/product\/yoast-seo-premium-wordpress\/ -->\n<title>Die Zeit der IT Effizienz kehrt zur\u00fcck!<\/title>\n<meta name=\"description\" content=\"Nach Jahren der Jagd nach Innovationen, kehrt die IT Effizienz zur\u00fcck. Woher wir das wissen? Hier sind die Gr\u00fcnde...\" \/>\n<meta name=\"robots\" content=\"index, follow, max-snippet:-1, max-image-preview:large, max-video-preview:-1\" \/>\n<link rel=\"canonical\" href=\"https:\/\/www.bamacgroup.com\/de\/blog\/die-zeit-der-it-effizienz-kehrt-zurueck\/\" \/>\n<meta property=\"og:locale\" content=\"de_DE\" \/>\n<meta property=\"og:type\" content=\"article\" \/>\n<meta property=\"og:title\" content=\"Die Zeit der Effizienz kehrt zur\u00fcck!\" \/>\n<meta property=\"og:description\" content=\"Nach Jahren der Jagd nach Innovationen, kehrt die IT Effizienz zur\u00fcck. Woher wir das wissen? Hier sind die Gr\u00fcnde...\" \/>\n<meta property=\"og:url\" content=\"https:\/\/www.bamacgroup.com\/de\/blog\/die-zeit-der-it-effizienz-kehrt-zurueck\/\" \/>\n<meta property=\"og:site_name\" content=\"BAMAC Group | IT Value Growth\" \/>\n<meta property=\"article:publisher\" content=\"https:\/\/www.facebook.com\/BAMACGroupGmbh\" \/>\n<meta property=\"article:published_time\" content=\"2024-02-06T09:14:43+00:00\" \/>\n<meta property=\"article:modified_time\" content=\"2025-03-06T11:52:51+00:00\" \/>\n<meta property=\"og:image\" content=\"https:\/\/www.bamacgroup.com\/wp-content\/uploads\/it-benchmarking-graphs.jpg\" \/>\n\t<meta property=\"og:image:width\" content=\"1500\" \/>\n\t<meta property=\"og:image:height\" content=\"1000\" \/>\n\t<meta property=\"og:image:type\" content=\"image\/jpeg\" \/>\n<meta name=\"author\" content=\"J\u00fcrgen W. Bach\" \/>\n<meta name=\"twitter:card\" content=\"summary_large_image\" \/>\n<script type=\"application\/ld+json\" class=\"yoast-schema-graph\">{\"@context\":\"https:\\\/\\\/schema.org\",\"@graph\":[{\"@type\":[\"Article\",\"BlogPosting\"],\"@id\":\"https:\\\/\\\/www.bamacgroup.com\\\/de\\\/blog\\\/die-zeit-der-it-effizienz-kehrt-zurueck\\\/#article\",\"isPartOf\":{\"@id\":\"https:\\\/\\\/www.bamacgroup.com\\\/de\\\/blog\\\/die-zeit-der-it-effizienz-kehrt-zurueck\\\/\"},\"author\":{\"name\":\"J\u00fcrgen W. Bach\",\"@id\":\"https:\\\/\\\/www.bamacgroup.com\\\/de\\\/#\\\/schema\\\/person\\\/a9ed748e9604c07531c731b380229cef\"},\"headline\":\"Die Zeit der Effizienz kehrt zur\u00fcck!\",\"datePublished\":\"2024-02-06T09:14:43+00:00\",\"dateModified\":\"2025-03-06T11:52:51+00:00\",\"mainEntityOfPage\":{\"@id\":\"https:\\\/\\\/www.bamacgroup.com\\\/de\\\/blog\\\/die-zeit-der-it-effizienz-kehrt-zurueck\\\/\"},\"wordCount\":581,\"publisher\":{\"@id\":\"https:\\\/\\\/www.bamacgroup.com\\\/de\\\/#organization\"},\"image\":{\"@id\":\"https:\\\/\\\/www.bamacgroup.com\\\/de\\\/blog\\\/die-zeit-der-it-effizienz-kehrt-zurueck\\\/#primaryimage\"},\"thumbnailUrl\":\"https:\\\/\\\/www.bamacgroup.com\\\/wp-content\\\/uploads\\\/it-benchmarking-graphs.jpg\",\"keywords\":[\"Compliance\",\"Kolumne\"],\"articleSection\":[\"Compliance\",\"Kolumne\"],\"inLanguage\":\"de\"},{\"@type\":[\"WebPage\",\"ItemPage\"],\"@id\":\"https:\\\/\\\/www.bamacgroup.com\\\/de\\\/blog\\\/die-zeit-der-it-effizienz-kehrt-zurueck\\\/\",\"url\":\"https:\\\/\\\/www.bamacgroup.com\\\/de\\\/blog\\\/die-zeit-der-it-effizienz-kehrt-zurueck\\\/\",\"name\":\"Die Zeit der IT Effizienz kehrt zur\u00fcck!\",\"isPartOf\":{\"@id\":\"https:\\\/\\\/www.bamacgroup.com\\\/de\\\/#website\"},\"primaryImageOfPage\":{\"@id\":\"https:\\\/\\\/www.bamacgroup.com\\\/de\\\/blog\\\/die-zeit-der-it-effizienz-kehrt-zurueck\\\/#primaryimage\"},\"image\":{\"@id\":\"https:\\\/\\\/www.bamacgroup.com\\\/de\\\/blog\\\/die-zeit-der-it-effizienz-kehrt-zurueck\\\/#primaryimage\"},\"thumbnailUrl\":\"https:\\\/\\\/www.bamacgroup.com\\\/wp-content\\\/uploads\\\/it-benchmarking-graphs.jpg\",\"datePublished\":\"2024-02-06T09:14:43+00:00\",\"dateModified\":\"2025-03-06T11:52:51+00:00\",\"description\":\"Nach Jahren der Jagd nach Innovationen, kehrt die IT Effizienz zur\u00fcck. Woher wir das wissen? Hier sind die Gr\u00fcnde...\",\"breadcrumb\":{\"@id\":\"https:\\\/\\\/www.bamacgroup.com\\\/de\\\/blog\\\/die-zeit-der-it-effizienz-kehrt-zurueck\\\/#breadcrumb\"},\"inLanguage\":\"de\",\"potentialAction\":[{\"@type\":\"ReadAction\",\"target\":[\"https:\\\/\\\/www.bamacgroup.com\\\/de\\\/blog\\\/die-zeit-der-it-effizienz-kehrt-zurueck\\\/\"]}]},{\"@type\":\"ImageObject\",\"inLanguage\":\"de\",\"@id\":\"https:\\\/\\\/www.bamacgroup.com\\\/de\\\/blog\\\/die-zeit-der-it-effizienz-kehrt-zurueck\\\/#primaryimage\",\"url\":\"https:\\\/\\\/www.bamacgroup.com\\\/wp-content\\\/uploads\\\/it-benchmarking-graphs.jpg\",\"contentUrl\":\"https:\\\/\\\/www.bamacgroup.com\\\/wp-content\\\/uploads\\\/it-benchmarking-graphs.jpg\",\"width\":1500,\"height\":1000,\"caption\":\"Blog BAMAC GROUP, IT-Produktportfolio, Fallstudie, IT-Strategie und -Transformation, Best Practice, Insights, Portfoliomanagement, Produktportfoliomanagement\"},{\"@type\":\"BreadcrumbList\",\"@id\":\"https:\\\/\\\/www.bamacgroup.com\\\/de\\\/blog\\\/die-zeit-der-it-effizienz-kehrt-zurueck\\\/#breadcrumb\",\"itemListElement\":[{\"@type\":\"ListItem\",\"position\":1,\"name\":\"Startseite\",\"item\":\"https:\\\/\\\/www.bamacgroup.com\\\/de\\\/\"},{\"@type\":\"ListItem\",\"position\":2,\"name\":\"Die Zeit der Effizienz kehrt zur\u00fcck!\"}]},{\"@type\":\"WebSite\",\"@id\":\"https:\\\/\\\/www.bamacgroup.com\\\/de\\\/#website\",\"url\":\"https:\\\/\\\/www.bamacgroup.com\\\/de\\\/\",\"name\":\"BAMAC Group | IT Value Growth\",\"description\":\"Ihr Management- und Technologieberater auf dem Weg zur digitalen Exzellenz!\",\"publisher\":{\"@id\":\"https:\\\/\\\/www.bamacgroup.com\\\/de\\\/#organization\"},\"alternateName\":\"BAMAC\",\"potentialAction\":[{\"@type\":\"SearchAction\",\"target\":{\"@type\":\"EntryPoint\",\"urlTemplate\":\"https:\\\/\\\/www.bamacgroup.com\\\/de\\\/?s={search_term_string}\"},\"query-input\":{\"@type\":\"PropertyValueSpecification\",\"valueRequired\":true,\"valueName\":\"search_term_string\"}}],\"inLanguage\":\"de\"},{\"@type\":\"Organization\",\"@id\":\"https:\\\/\\\/www.bamacgroup.com\\\/de\\\/#organization\",\"name\":\"BAMAC Group GmbH\",\"url\":\"https:\\\/\\\/www.bamacgroup.com\\\/de\\\/\",\"logo\":{\"@type\":\"ImageObject\",\"inLanguage\":\"de\",\"@id\":\"https:\\\/\\\/www.bamacgroup.com\\\/de\\\/#\\\/schema\\\/logo\\\/image\\\/\",\"url\":\"https:\\\/\\\/www.bamacgroup.com\\\/wp-content\\\/uploads\\\/Logo_LinkedIn_RGB.png\",\"contentUrl\":\"https:\\\/\\\/www.bamacgroup.com\\\/wp-content\\\/uploads\\\/Logo_LinkedIn_RGB.png\",\"width\":300,\"height\":300,\"caption\":\"BAMAC Group GmbH\"},\"image\":{\"@id\":\"https:\\\/\\\/www.bamacgroup.com\\\/de\\\/#\\\/schema\\\/logo\\\/image\\\/\"},\"sameAs\":[\"https:\\\/\\\/www.facebook.com\\\/BAMACGroupGmbh\",\"https:\\\/\\\/www.linkedin.com\\\/company\\\/bamac-group\\\/\",\"https:\\\/\\\/www.instagram.com\\\/bamacgroup\\\/\",\"https:\\\/\\\/www.xing.com\\\/pages\\\/bamac-group-gmbh\"],\"description\":\"Die BAMAC Group liefert als Beratungsunternehmen seit mehr als 27 Jahren verl\u00e4ssliche Antworten auf die Frage nach dem Wertbeitrag von Informationstechnologie. Mit der Idee, Leistungen in der Software-Entwicklung messbar und unter wirtschaftlichen Randbedingungen transparent zu machen, startete J\u00fcrgen W. Bach im Jahr 1995 seine Unternehmung als Freiberufler, die er nach ersten erfolgreichen Jahren im Jahr 2004 in eine GmbH \u00fcberf\u00fchrte. Heute, \u00fcber 25 Jahre sp\u00e4ter, bietet die BAMAC Group, gegliedert in sieben Business Units unter einem Dach, Leistungen zur Steigerung des Wertbeitrags an.\u202f\u202f\",\"email\":\"info@bamacgroup.com\",\"telephone\":\"+49 (0) 40 60 7733 950\",\"legalName\":\"BAMAC Group GmbH\",\"vatID\":\"DE 234 747 277\",\"numberOfEmployees\":{\"@type\":\"QuantitativeValue\",\"minValue\":\"11\",\"maxValue\":\"50\"}},{\"@type\":\"Person\",\"@id\":\"https:\\\/\\\/www.bamacgroup.com\\\/de\\\/#\\\/schema\\\/person\\\/a9ed748e9604c07531c731b380229cef\",\"name\":\"J\u00fcrgen W. Bach\",\"image\":{\"@type\":\"ImageObject\",\"inLanguage\":\"de\",\"@id\":\"https:\\\/\\\/bamacgroup.com\\\/wp-content\\\/uploads\\\/cropped-64c01d280c1e3ffaabc4d362ac7e4e04-96x96.png\",\"url\":\"https:\\\/\\\/bamacgroup.com\\\/wp-content\\\/uploads\\\/cropped-64c01d280c1e3ffaabc4d362ac7e4e04-96x96.png\",\"contentUrl\":\"https:\\\/\\\/bamacgroup.com\\\/wp-content\\\/uploads\\\/cropped-64c01d280c1e3ffaabc4d362ac7e4e04-96x96.png\",\"caption\":\"J\u00fcrgen W. Bach\"},\"description\":\"J\u00fcrgen Bach is a versatile digital expert with academic roots in an interdisciplinary study of mathematics, computer science, and psychology. Since 1996, he has been bringing his extensive experience to software development, significantly supporting companies from various sectors such as banking, insurance, logistics, and industry. He also shares his knowledge as a trainer in seminars and delivers lectures on effective control mechanisms in the technology sector. As an entrepreneur, Bach has not only created new business models but also shared his insights with a broader audience as an author of specialized articles. His expertise as a consultant and coach is particularly sought after in the areas of management and IT strategy, where he guides organizations on their path to digital excellence with his well-founded approach.\",\"sameAs\":[\"https:\\\/\\\/www.linkedin.com\\\/in\\\/juergen-bach-bamac\\\/\"]}]}<\/script>\n<!-- \/ Yoast SEO Premium plugin. -->","yoast_head_json":{"title":"Die Zeit der IT Effizienz kehrt zur\u00fcck!","description":"Nach Jahren der Jagd nach Innovationen, kehrt die IT Effizienz zur\u00fcck. Woher wir das wissen? Hier sind die Gr\u00fcnde...","robots":{"index":"index","follow":"follow","max-snippet":"max-snippet:-1","max-image-preview":"max-image-preview:large","max-video-preview":"max-video-preview:-1"},"canonical":"https:\/\/www.bamacgroup.com\/de\/blog\/die-zeit-der-it-effizienz-kehrt-zurueck\/","og_locale":"de_DE","og_type":"article","og_title":"Die Zeit der Effizienz kehrt zur\u00fcck!","og_description":"Nach Jahren der Jagd nach Innovationen, kehrt die IT Effizienz zur\u00fcck. Woher wir das wissen? Hier sind die Gr\u00fcnde...","og_url":"https:\/\/www.bamacgroup.com\/de\/blog\/die-zeit-der-it-effizienz-kehrt-zurueck\/","og_site_name":"BAMAC Group | IT Value Growth","article_publisher":"https:\/\/www.facebook.com\/BAMACGroupGmbh","article_published_time":"2024-02-06T09:14:43+00:00","article_modified_time":"2025-03-06T11:52:51+00:00","og_image":[{"width":1500,"height":1000,"url":"https:\/\/www.bamacgroup.com\/wp-content\/uploads\/it-benchmarking-graphs.jpg","type":"image\/jpeg"}],"author":"J\u00fcrgen W. Bach","twitter_card":"summary_large_image","schema":{"@context":"https:\/\/schema.org","@graph":[{"@type":["Article","BlogPosting"],"@id":"https:\/\/www.bamacgroup.com\/de\/blog\/die-zeit-der-it-effizienz-kehrt-zurueck\/#article","isPartOf":{"@id":"https:\/\/www.bamacgroup.com\/de\/blog\/die-zeit-der-it-effizienz-kehrt-zurueck\/"},"author":{"name":"J\u00fcrgen W. Bach","@id":"https:\/\/www.bamacgroup.com\/de\/#\/schema\/person\/a9ed748e9604c07531c731b380229cef"},"headline":"Die Zeit der Effizienz kehrt zur\u00fcck!","datePublished":"2024-02-06T09:14:43+00:00","dateModified":"2025-03-06T11:52:51+00:00","mainEntityOfPage":{"@id":"https:\/\/www.bamacgroup.com\/de\/blog\/die-zeit-der-it-effizienz-kehrt-zurueck\/"},"wordCount":581,"publisher":{"@id":"https:\/\/www.bamacgroup.com\/de\/#organization"},"image":{"@id":"https:\/\/www.bamacgroup.com\/de\/blog\/die-zeit-der-it-effizienz-kehrt-zurueck\/#primaryimage"},"thumbnailUrl":"https:\/\/www.bamacgroup.com\/wp-content\/uploads\/it-benchmarking-graphs.jpg","keywords":["Compliance","Kolumne"],"articleSection":["Compliance","Kolumne"],"inLanguage":"de"},{"@type":["WebPage","ItemPage"],"@id":"https:\/\/www.bamacgroup.com\/de\/blog\/die-zeit-der-it-effizienz-kehrt-zurueck\/","url":"https:\/\/www.bamacgroup.com\/de\/blog\/die-zeit-der-it-effizienz-kehrt-zurueck\/","name":"Die Zeit der IT Effizienz kehrt zur\u00fcck!","isPartOf":{"@id":"https:\/\/www.bamacgroup.com\/de\/#website"},"primaryImageOfPage":{"@id":"https:\/\/www.bamacgroup.com\/de\/blog\/die-zeit-der-it-effizienz-kehrt-zurueck\/#primaryimage"},"image":{"@id":"https:\/\/www.bamacgroup.com\/de\/blog\/die-zeit-der-it-effizienz-kehrt-zurueck\/#primaryimage"},"thumbnailUrl":"https:\/\/www.bamacgroup.com\/wp-content\/uploads\/it-benchmarking-graphs.jpg","datePublished":"2024-02-06T09:14:43+00:00","dateModified":"2025-03-06T11:52:51+00:00","description":"Nach Jahren der Jagd nach Innovationen, kehrt die IT Effizienz zur\u00fcck. Woher wir das wissen? Hier sind die Gr\u00fcnde...","breadcrumb":{"@id":"https:\/\/www.bamacgroup.com\/de\/blog\/die-zeit-der-it-effizienz-kehrt-zurueck\/#breadcrumb"},"inLanguage":"de","potentialAction":[{"@type":"ReadAction","target":["https:\/\/www.bamacgroup.com\/de\/blog\/die-zeit-der-it-effizienz-kehrt-zurueck\/"]}]},{"@type":"ImageObject","inLanguage":"de","@id":"https:\/\/www.bamacgroup.com\/de\/blog\/die-zeit-der-it-effizienz-kehrt-zurueck\/#primaryimage","url":"https:\/\/www.bamacgroup.com\/wp-content\/uploads\/it-benchmarking-graphs.jpg","contentUrl":"https:\/\/www.bamacgroup.com\/wp-content\/uploads\/it-benchmarking-graphs.jpg","width":1500,"height":1000,"caption":"Blog BAMAC GROUP, IT-Produktportfolio, Fallstudie, IT-Strategie und -Transformation, Best Practice, Insights, Portfoliomanagement, Produktportfoliomanagement"},{"@type":"BreadcrumbList","@id":"https:\/\/www.bamacgroup.com\/de\/blog\/die-zeit-der-it-effizienz-kehrt-zurueck\/#breadcrumb","itemListElement":[{"@type":"ListItem","position":1,"name":"Startseite","item":"https:\/\/www.bamacgroup.com\/de\/"},{"@type":"ListItem","position":2,"name":"Die Zeit der Effizienz kehrt zur\u00fcck!"}]},{"@type":"WebSite","@id":"https:\/\/www.bamacgroup.com\/de\/#website","url":"https:\/\/www.bamacgroup.com\/de\/","name":"BAMAC Group | IT Value Growth","description":"Ihr Management- und Technologieberater auf dem Weg zur digitalen Exzellenz!","publisher":{"@id":"https:\/\/www.bamacgroup.com\/de\/#organization"},"alternateName":"BAMAC","potentialAction":[{"@type":"SearchAction","target":{"@type":"EntryPoint","urlTemplate":"https:\/\/www.bamacgroup.com\/de\/?s={search_term_string}"},"query-input":{"@type":"PropertyValueSpecification","valueRequired":true,"valueName":"search_term_string"}}],"inLanguage":"de"},{"@type":"Organization","@id":"https:\/\/www.bamacgroup.com\/de\/#organization","name":"BAMAC Group GmbH","url":"https:\/\/www.bamacgroup.com\/de\/","logo":{"@type":"ImageObject","inLanguage":"de","@id":"https:\/\/www.bamacgroup.com\/de\/#\/schema\/logo\/image\/","url":"https:\/\/www.bamacgroup.com\/wp-content\/uploads\/Logo_LinkedIn_RGB.png","contentUrl":"https:\/\/www.bamacgroup.com\/wp-content\/uploads\/Logo_LinkedIn_RGB.png","width":300,"height":300,"caption":"BAMAC Group GmbH"},"image":{"@id":"https:\/\/www.bamacgroup.com\/de\/#\/schema\/logo\/image\/"},"sameAs":["https:\/\/www.facebook.com\/BAMACGroupGmbh","https:\/\/www.linkedin.com\/company\/bamac-group\/","https:\/\/www.instagram.com\/bamacgroup\/","https:\/\/www.xing.com\/pages\/bamac-group-gmbh"],"description":"Die BAMAC Group liefert als Beratungsunternehmen seit mehr als 27 Jahren verl\u00e4ssliche Antworten auf die Frage nach dem Wertbeitrag von Informationstechnologie. Mit der Idee, Leistungen in der Software-Entwicklung messbar und unter wirtschaftlichen Randbedingungen transparent zu machen, startete J\u00fcrgen W. Bach im Jahr 1995 seine Unternehmung als Freiberufler, die er nach ersten erfolgreichen Jahren im Jahr 2004 in eine GmbH \u00fcberf\u00fchrte. Heute, \u00fcber 25 Jahre sp\u00e4ter, bietet die BAMAC Group, gegliedert in sieben Business Units unter einem Dach, Leistungen zur Steigerung des Wertbeitrags an.\u202f\u202f","email":"info@bamacgroup.com","telephone":"+49 (0) 40 60 7733 950","legalName":"BAMAC Group GmbH","vatID":"DE 234 747 277","numberOfEmployees":{"@type":"QuantitativeValue","minValue":"11","maxValue":"50"}},{"@type":"Person","@id":"https:\/\/www.bamacgroup.com\/de\/#\/schema\/person\/a9ed748e9604c07531c731b380229cef","name":"J\u00fcrgen W. Bach","image":{"@type":"ImageObject","inLanguage":"de","@id":"https:\/\/bamacgroup.com\/wp-content\/uploads\/cropped-64c01d280c1e3ffaabc4d362ac7e4e04-96x96.png","url":"https:\/\/bamacgroup.com\/wp-content\/uploads\/cropped-64c01d280c1e3ffaabc4d362ac7e4e04-96x96.png","contentUrl":"https:\/\/bamacgroup.com\/wp-content\/uploads\/cropped-64c01d280c1e3ffaabc4d362ac7e4e04-96x96.png","caption":"J\u00fcrgen W. Bach"},"description":"J\u00fcrgen Bach is a versatile digital expert with academic roots in an interdisciplinary study of mathematics, computer science, and psychology. Since 1996, he has been bringing his extensive experience to software development, significantly supporting companies from various sectors such as banking, insurance, logistics, and industry. He also shares his knowledge as a trainer in seminars and delivers lectures on effective control mechanisms in the technology sector. As an entrepreneur, Bach has not only created new business models but also shared his insights with a broader audience as an author of specialized articles. His expertise as a consultant and coach is particularly sought after in the areas of management and IT strategy, where he guides organizations on their path to digital excellence with his well-founded approach.","sameAs":["https:\/\/www.linkedin.com\/in\/juergen-bach-bamac\/"]}]}},"_links":{"self":[{"href":"https:\/\/www.bamacgroup.com\/de\/wp-json\/wp\/v2\/posts\/1382","targetHints":{"allow":["GET"]}}],"collection":[{"href":"https:\/\/www.bamacgroup.com\/de\/wp-json\/wp\/v2\/posts"}],"about":[{"href":"https:\/\/www.bamacgroup.com\/de\/wp-json\/wp\/v2\/types\/post"}],"author":[{"embeddable":true,"href":"https:\/\/www.bamacgroup.com\/de\/wp-json\/wp\/v2\/users\/4"}],"replies":[{"embeddable":true,"href":"https:\/\/www.bamacgroup.com\/de\/wp-json\/wp\/v2\/comments?post=1382"}],"version-history":[{"count":3,"href":"https:\/\/www.bamacgroup.com\/de\/wp-json\/wp\/v2\/posts\/1382\/revisions"}],"predecessor-version":[{"id":3297,"href":"https:\/\/www.bamacgroup.com\/de\/wp-json\/wp\/v2\/posts\/1382\/revisions\/3297"}],"wp:featuredmedia":[{"embeddable":true,"href":"https:\/\/www.bamacgroup.com\/de\/wp-json\/wp\/v2\/media\/7092"}],"wp:attachment":[{"href":"https:\/\/www.bamacgroup.com\/de\/wp-json\/wp\/v2\/media?parent=1382"}],"wp:term":[{"taxonomy":"category","embeddable":true,"href":"https:\/\/www.bamacgroup.com\/de\/wp-json\/wp\/v2\/categories?post=1382"},{"taxonomy":"post_tag","embeddable":true,"href":"https:\/\/www.bamacgroup.com\/de\/wp-json\/wp\/v2\/tags?post=1382"}],"curies":[{"name":"wp","href":"https:\/\/api.w.org\/{rel}","templated":true}]}}