{"id":611,"date":"2024-03-19T10:17:05","date_gmt":"2024-03-19T09:17:05","guid":{"rendered":"https:\/\/blog.bamacgroup.com\/?p=611"},"modified":"2025-03-06T12:59:41","modified_gmt":"2025-03-06T11:59:41","slug":"makro-steuerung-in-der-konzern-it-ohne-aufsichtsrat-und-ceo-geht-es-nicht","status":"publish","type":"post","link":"https:\/\/www.bamacgroup.com\/de\/blog\/makro-steuerung-in-der-konzern-it-ohne-aufsichtsrat-und-ceo-geht-es-nicht\/","title":{"rendered":"Makro-Steuerung in der Konzern IT: Ohne Vorstand, Kontrollorgan und Politik geht es nicht!"},"content":{"rendered":"\n<h2 class=\"wp-block-heading has-bamac-dark-beige-color has-text-color\" id=\"h-interne-und-externe-faktoren-beeinflussen-den-digitalen-unternehmenserfolg\">Interne und externe Faktoren beeinflussen den digitalen Unternehmenserfolg<\/h2>\n\n\n\n<p>Die Neuausrichtung ihres Gesch\u00e4fts an einem digitalen Gesch\u00e4ftsmodell und die Steuerung der damit einhergehenden <strong>digitalen Transformation<\/strong> in den Konzernen muss von <strong>Aufsichtsrat<\/strong> und <strong>Vorstand<\/strong> begleitet werden. Die Randbedingungen f\u00fcr eine wettbewerbsf\u00e4hige Umgebung sind aber nicht nur durch interne Erfolgsfaktoren bestimmt, sondern ebenso durch externe Faktoren, die von der <strong>Politik<\/strong> festgelegt werden. In diesem Beitrag werden eine Auswahl von strukturellen Schwachstellen in der <strong>Makro-Steuerung<\/strong> der Digitalisierung und den damit einhergehenden falschen Steuerungsimpulse in den Unternehmen identifiziert und beschrieben, die von Management und Politik zu l\u00f6sen sind.<\/p>\n\n\n\n<h2 class=\"wp-block-heading has-bamac-dark-beige-color has-text-color\" id=\"h-wettbewerbsfaktor-digitalisierung-deutsche-key-player-im-internationalen-vergleich\">Wettbewerbsfaktor Digitalisierung: Deutsche Key Player im internationalen Vergleich<\/h2>\n\n\n\n<p>Die M\u00e4ngel in der Wettbewerbsf\u00e4higkeit der deutschen Industrie sind aufgrund der <strong>Vers\u00e4umnisse<\/strong> in der <strong>Digitalisierung<\/strong> der letzten 20 Jahre in Deutschland und Europa un\u00fcbersehbar. W\u00e4hrend sich sowohl im angels\u00e4chsischen als auch im asiatischen Raum digitale Champions seit Mitte der 90iger Jahre etablieren konnten, ist uns das weder in Deutschland noch in Europa gelungen. Firmen wie Amazon, Apple und Google auf der einen Seite und Alibaba und Tencent auf der anderen Seite zeigen uns, welche wirtschaftliche Kraft Unternehmen mit Hilfe der Digitalisierung entwickeln k\u00f6nnen. So ist die Marktkapitalisierung von Apple mit 2.601,44 Mrd. EUR (Stichtag: 03.10.2023) gr\u00f6\u00dfer als die aller im DAX40 vertretenen Konzerne zusammen (1.406,28 Mrd. EUR). In der Automobilindustrie erreichen die drei gro\u00dfen Flaggschiffe der deutschen Industrie (BMW, Mercedes, Volkswagen) gerade einmal 20,13% der Marktkapitalisierung von Tesla.<\/p>\n\n\n\n<blockquote class=\"wp-block-quote\">\n<p>&#8222;Die Marktkapitalisierung von Apple ist um ca. 85% gr\u00f6\u00dfer als die Summe aller im DAX40 gezeichneten Konzerne.&#8220;<\/p>\n<\/blockquote>\n\n\n\n<p><em>BAMAC Group, Stand: 03.10.2023<\/em><\/p>\n\n\n\n<p>Der <strong>wirtschaftliche Druck<\/strong> auf die Unternehmen in Deutschland ist hoch. Es gilt die Vorteile der Digitalisierung schnell und nachhaltig nutzbar zu machen. Die vom Wettbewerb erzielten Vorteile bei neuen Produkten und der Prozessoptimierung sind betr\u00e4chtlich. Die Zeit, Dinge auszuprobieren schwindet, da die Wettbewerber \u00fcber bereits fertige L\u00f6sungen verf\u00fcgen bzw. Ihre Marktreife \u00fcber Jahre nachweisen konnten. Dar\u00fcber hinaus kommen nach den Belastungen aus der Corona-Krise die Folgen aus dem Ukraine Krieg. Mit erh\u00f6hter Inflation, h\u00f6heren Energiepreisen und dem Zinsanstieg steigt noch einmal zus\u00e4tzlich der Kostendruck. Dar\u00fcber hinaus bietet die \u00fcberbordende B\u00fcrokratie mittlerweile mehr Nach- als Vorteile. <strong>Herausfordernde Zeiten<\/strong>, um in dieser Umgebung die notwendige Transformation in deutschen Unternehmen umzusetzen.<\/p>\n\n\n\n<h2 class=\"wp-block-heading has-bamac-dark-beige-color has-text-color\" id=\"h-die-orientierung-am-wertbeitrag-richtet-den-fokus-auf-den-geschaftserfolg\">Die Orientierung am Wertbeitrag richtet den Fokus auf den Gesch\u00e4ftserfolg <\/h2>\n\n\n\n<p>Um in dieser Phase zu bestehen, ben\u00f6tigen die Unternehmen die F\u00e4higkeit, die <strong>richtigen Entscheidungen<\/strong> zu treffen. Dazu brauchen die Entscheider <strong>Antworten<\/strong> auf ihre Fragen. Diese sind: Inwieweit unterst\u00fctzen die Ma\u00dfnahmen unsere digitale Strategie? Welchen Nutzen (Wertbeitrag) generieren die Ma\u00dfnahmen? Welche Erl\u00f6se und Gewinne werden mit ihnen erzielt? Was kosten die Ma\u00dfnahmen? Sind die Kosten angemessen? Wie entwickeln sich die Gesamtkosten (Life Cycle Kosten)? Ist die gelieferte Qualit\u00e4t in Relation zu den Kosten angemessen?<\/p>\n\n\n\n<p>Die Ergebnisse in den Unternehmen sprechen f\u00fcr sich \u2013 die bisher gegebenen Antworten sind in vielen F\u00e4llen unzureichend.<br>Im Folgenden haben wir eine Auswahl an <strong>strukturellen Hindernissen<\/strong> identifiziert, die die Entwicklung der Unternehmen hemmen. Dabei unterscheiden wir zwischen Wirkfaktoren innerhalb des Unternehmens (endogene Faktoren) als auch solchen, die au\u00dferhalb des Unternehmens (exogene Faktoren) den Unternehmenserfolg beeinflussen.<\/p>\n\n\n\n<h2 class=\"wp-block-heading has-bamac-dark-beige-color has-text-color\">Endogene Faktoren in der Makro-Steuerung: Stellen Sie die richtigen Fragen und setzen Sie die richtigen Impulse, um die Produktivit\u00e4t in ihrem Unternehmen nachhaltig zu steigern!<\/h2>\n\n\n\n<h4 class=\"wp-block-heading\" id=\"h-1-es-besteht-ein-ubergewicht-der-mikrosteuerung-in-unternehmen\">1. Es besteht ein \u00dcbergewicht der Mikrosteuerung in Unternehmen.<\/h4>\n\n\n\n<p>Wir bei BAMAC Group beobachten in den letzten Jahren eine zunehmende Verschiebung der Steuerung von Aufsichtsrat und Vorstand in die operativen Einheiten. Dadurch attestieren wir eine Verlagerung ins \u201eklein-klein\u201c der <strong>Mikro-Steuerung<\/strong>. Das \u201egro\u00dfe Ganze\u201c der IT, welches sich sowohl aus der Wirkung auf den Gewinn (EBITDA) als auch der Produktivit\u00e4t im Wettbewerbsvergleich zusammensetzt (Makro-Steuerung), wird aus dem Auge verloren und tritt bei Entscheidungen in den Hintergrund. Die Zeit der Niedrigzinsen hat diese Entwicklung nach unserer Wahrnehmung beschleunigt. Wir beobachten eine sch\u00e4dliche Anf\u00e4lligkeit der Entscheidungstr\u00e4ger taktisch zu handeln, zu Lasten faktenbasierter Entscheidungen.<\/p>\n\n\n\n<h4 class=\"wp-block-heading\" id=\"h-2-die-berechnung-von-it-aufwanden-und-it-performance-lassen-sich-nicht-vergleichen\">2. Die Berechnung von IT-Aufw\u00e4nden und IT Performance lassen sich nicht vergleichen.<\/h4>\n\n\n\n<p>Mit der Verlagerung der Entscheidung ins Mikro-Management geht eine weitere Schw\u00e4chung der Steuerung einher. Mit dem zunehmenden <strong>Verzicht auf normierte<\/strong> <strong>Kennzahlen<\/strong> bei der Erhebung von Aufwand und Produktivit\u00e4t, lassen sich beliebige Aussagen ableiten. Nur so lassen sich aus unserer Sicht die Aussagen in der \u00d6ffentlichkeit erkl\u00e4ren, dass wir in der Digitalisierung in Deutschland nach den USA weltweit f\u00fchrend seien. Dies widerspricht unserer Erkenntnis und Datenbasis. Seit dem Jahr 2004 messen wir einen R\u00fcckgang der Produktivit\u00e4t in den IT-Projekten.<br>Ein weiteres Indiz: Auch die Nachfrage nach Benchmarking hat in der Niedrigzinsphase nachgelassen. Statt einer faktenbasierten Ausrichtung zur Effizienz bei Preisen und Kosten beobachten wir auch hier eine zunehmende Wohlf\u00fchlkultur gepaart mit taktischen Entscheidungen in Unternehmen.<\/p>\n\n\n\n<h4 class=\"wp-block-heading\" id=\"h-3-wir-verfugen-uber-keine-geeigneten-finanzinstrumente-zur-finanzierung-grosser-it-vorhaben\">3. Wir verf\u00fcgen \u00fcber keine geeigneten Finanzinstrumente zur Finanzierung gro\u00dfer IT-Vorhaben.<\/h4>\n\n\n\n<p>Die Finanzierung gro\u00dfer Investitionen ist aufgrund der <strong>Finanzierungskultur<\/strong> sehr zur\u00fcckhaltend. M\u00e4ngel in der Sch\u00e4tzgenauigkeit (siehe 2), fehlende Kreditm\u00f6glichkeiten gro\u00dfer Ma\u00dfnahmen (z.B. liegt das potenzielle Kreditvolumen von Instituten im mittleren zweistelligen Millionenbereich bei guter Marktlage w\u00e4hrend in den USA z.B. Ma\u00dfnahmen im 3-stelligen Millionenbereich verbreitet sind) verhindern die Entwicklung kostenintensiver Projekte sowie deren Beherrschung und schaffen einen zus\u00e4tzlichen Wettbewerbsnachteil.<\/p>\n\n\n\n<h4 class=\"wp-block-heading\" id=\"h-4-es-fehlt-die-ausrichtung-am-it-wertbeitrag\">4. Es fehlt die Ausrichtung am IT-Wertbeitrag.<\/h4>\n\n\n\n<p>Die Wechselwirkung zwischen Investitionen in die IT und deren Auswirkung auf den Unternehmenserfolg (EBITDA) werden nicht nach dem <strong>Ursache-Wirkprinzip<\/strong> durchdrungen. Durch die fehlende Ausrichtung am IT-Wertbeitrag kann sich keine effiziente Ertragskultur entwickeln. In vielen F\u00e4llen wird unver\u00e4ndert die IT als Cost-Center behandelt. Der erzielte Produktivit\u00e4tsgewinn, der durch die IT generiert wird, wird nicht holistisch bewertet.<\/p>\n\n\n\n<h4 class=\"wp-block-heading\" id=\"h-5-es-gibt-erhebliche-lucken-und-redundanzen-im-aufbau-und-der-weiterentwicklung-von-business-und-it-architektur\">5. Es gibt erhebliche L\u00fccken und Redundanzen im Aufbau und der Weiterentwicklung von Business und IT-Architektur.<\/h4>\n\n\n\n<p>Die Wirkweise von Gesch\u00e4ftsprozessen und IT-Systemen wird \u00fcber Schnittstellen gemanagt. Allzu h\u00e4ufig werden dabei technische Verwerfungen nach unten priorisiert. Dies hat zur Folge, dass die Kosten f\u00fcr den Betrieb (OpEx oder Run) drastisch steigen, ohne dass ein Mehrwert entsteht. Gleichzeit stagnieren die Kosten f\u00fcr Investitionen (CapEx oder Change) bei \u201egedeckelten\u201c Budgets.<br>Die Folge: <strong>Viel Geld f\u00fcr wenig Mehrwert!<\/strong><\/p>\n\n\n\n<h2 class=\"wp-block-heading has-text-align-left has-bamac-dark-beige-color has-text-color\">Exogene Faktoren in der Makro-Steuerung: Wirken Sie mit daran, die Wettbewerbsf\u00e4higkeit in Deutschland und Europa zu st\u00e4rken!<\/h2>\n\n\n\n<h4 class=\"wp-block-heading\" id=\"h-1-wir-haben-sowohl-in-deutschland-als-auch-in-europa-keine-eigene-plattform-fur-kommunikation-und-vermarktung\">1. Wir haben sowohl in Deutschland als auch in Europa keine eigene Plattform f\u00fcr Kommunikation und Vermarktung.<\/h4>\n\n\n\n<p>Wir haben es in der Vergangenheit vers\u00e4umt eine <strong>Plattform<\/strong> sowohl in Deutschland als auch in Europa zu etablieren, auf der wir, nach unserer demokratischen Grundordnung, das Begegnen der Marktteilnehmer organisieren. Dort, wo L\u00f6sungen entwickelt werden, greift der L\u00f6sungsansatz viel zu kurz. Stattdessen werden wir durch den angels\u00e4chsischen Raum (z.B. Amazon, Meta) und dem asiatischen Raum (Alibaba, Tencent) getrieben. Wir halten es f\u00fcr den Standort f\u00fcr unabdingbar, dass wir unseren Markt \u00fcber eine separate Plattform sch\u00fctzen, um auch morgen wettbewerbsf\u00e4hig zu sein. Hierbei ist eine Kooperation von Industrie und Staat unabdingbar.<\/p>\n\n\n\n<h4 class=\"wp-block-heading\" id=\"h-2-wir-verfugen-uber-keine-geeigneten-finanzinstrumente-zur-finanzierung-grosser-it-vorhaben\">2. Wir verf\u00fcgen \u00fcber keine geeigneten Finanzinstrumente zur Finanzierung gro\u00dfer IT-Vorhaben.<\/h4>\n\n\n\n<p>Was sowohl oben f\u00fcr das Unternehmen gilt, gilt genauso f\u00fcr alle Marktteilnehmer. Daraus entsteht ein <strong>Wettbewerbsnachteil<\/strong> f\u00fcr den Standort Deutschland, da kapitalintensive Projekte (wie z.B. eine Plattform) durch den Erfinder nicht finanziert werden kann. Dieses Argument ist besonders im folgenden Punkt gewichtig.<\/p>\n\n\n\n<h4 class=\"wp-block-heading\" id=\"h-3-sowohl-steuerbilanz-als-auch-handelsbilanz-sind-auf-die-verarbeitende-industrie-ausgelegt-und-nicht-auf-eine-digitale-welt\">3. Sowohl Steuerbilanz als auch Handelsbilanz sind auf die verarbeitende Industrie ausgelegt und nicht auf eine digitale Welt.<\/h4>\n\n\n\n<p>Die Steuer- als auch die Handelsbilanz sind auf eine lineare Wirtschaft<strong> <\/strong>ausgelegt und stellen sich in einer nicht linearen Welt \u2013 welches ein wesentliches Merkmal der Digitalisierung ist \u2013 als <strong>Standortnachteil<\/strong> heraus. Finanzierungen bzw. Investitionen in Software werden als Aufwand in der Bilanz aufgenommen. Damit bilden sie einen Wert, der sich aus Aufwand und zugeh\u00f6rigem Stundensatz konstituiert. Der Wert einer L\u00f6sung f\u00fcr den Markt wird nicht ber\u00fccksichtigt. Ganz anders zeigt sich die Bewertung der Firma Waymo in den USA, die sich mit ihrer Marktkapitalisierung fr\u00fchzeitig mit ben\u00f6tigten Geldmittel versorgen konnte. Hier haben wir dringenden Handlungsbedarf bei der Erweiterung unserer Instrumente.<\/p>\n\n\n\n<p>Die oben aufgef\u00fchrten endogene und exogene Faktoren sind nicht vollst\u00e4ndig und lassen sich erweitern. Ich lade Sie dazu ein, mir <strong>Ihren Blickwinkel mitzuteilen<\/strong> und Lernerfahrungen <strong>auszutauschen<\/strong>. Ich halte Sie in dieser Kolumne auf dem Laufenden.<\/p>\n\n\n\n<p>Weiterf\u00fchrende Informationen finden Sie unter:<\/p>\n\n\n\n<p><a href=\"https:\/\/www.bamacgroup.com\/de\/blog\/it-portfoliomanagement\/\">IT Portfoliomanagement \u2013 Instrument f\u00fcr mehr Unternehmenswachstum und nachhaltiger Planung\u00a0<\/a><\/p>\n","protected":false},"excerpt":{"rendered":"<p>In diesem Beitrag werden eine Auswahl von strukturellen Schwachstellen in der Makro-Steuerung der Digitalisierung und den damit einhergehenden falschen Steuerungsimpulse in den Unternehmen identifiziert und beschrieben, die von Management und Politik zu l\u00f6sen sind.<\/p>\n","protected":false},"author":4,"featured_media":7090,"comment_status":"closed","ping_status":"open","sticky":false,"template":"","format":"standard","meta":{"footnotes":""},"categories":[71,2,7],"tags":[70,95,6],"class_list":["post-611","post","type-post","status-publish","format-standard","has-post-thumbnail","hentry","category-compliance","category-it-strategie-tansformation","category-kolumne","tag-compliance-de","tag-it-strategie-transformation","tag-it-wertbeitrag"],"yoast_head":"<!-- This site is optimized with the Yoast SEO Premium plugin v26.0 (Yoast SEO v27.5) - https:\/\/yoast.com\/product\/yoast-seo-premium-wordpress\/ -->\n<title>Makro-Steuerung in der Konzern IT... - Blog der BAMAC Group<\/title>\n<meta name=\"description\" content=\"Makro-Steuerung in der Konzern IT:... In diesem Beitrag werden eine Auswahl von strukturellen Schwachstellen...\" \/>\n<meta name=\"robots\" content=\"index, follow, max-snippet:-1, max-image-preview:large, max-video-preview:-1\" \/>\n<link rel=\"canonical\" href=\"https:\/\/www.bamacgroup.com\/de\/blog\/makro-steuerung-in-der-konzern-it-ohne-aufsichtsrat-und-ceo-geht-es-nicht\/\" \/>\n<meta property=\"og:locale\" content=\"de_DE\" \/>\n<meta property=\"og:type\" content=\"article\" \/>\n<meta property=\"og:title\" content=\"Makro-Steuerung in der Konzern IT: Ohne Vorstand, Kontrollorgan und Politik geht es nicht!\" \/>\n<meta property=\"og:description\" content=\"Makro-Steuerung in der Konzern IT:... In diesem Beitrag werden eine Auswahl von strukturellen Schwachstellen...\" \/>\n<meta property=\"og:url\" content=\"https:\/\/www.bamacgroup.com\/de\/blog\/makro-steuerung-in-der-konzern-it-ohne-aufsichtsrat-und-ceo-geht-es-nicht\/\" \/>\n<meta property=\"og:site_name\" content=\"BAMAC Group | IT Value Growth\" \/>\n<meta property=\"article:publisher\" content=\"https:\/\/www.facebook.com\/BAMACGroupGmbh\" \/>\n<meta property=\"article:published_time\" content=\"2024-03-19T09:17:05+00:00\" \/>\n<meta property=\"article:modified_time\" content=\"2025-03-06T11:59:41+00:00\" \/>\n<meta property=\"og:image\" content=\"https:\/\/www.bamacgroup.com\/wp-content\/uploads\/bamac-group-bg.jpg\" \/>\n\t<meta property=\"og:image:width\" content=\"1500\" \/>\n\t<meta property=\"og:image:height\" content=\"1000\" \/>\n\t<meta property=\"og:image:type\" content=\"image\/jpeg\" \/>\n<meta name=\"author\" content=\"J\u00fcrgen W. Bach\" \/>\n<meta name=\"twitter:card\" content=\"summary_large_image\" \/>\n<script type=\"application\/ld+json\" class=\"yoast-schema-graph\">{\"@context\":\"https:\\\/\\\/schema.org\",\"@graph\":[{\"@type\":[\"Article\",\"BlogPosting\"],\"@id\":\"https:\\\/\\\/www.bamacgroup.com\\\/de\\\/blog\\\/makro-steuerung-in-der-konzern-it-ohne-aufsichtsrat-und-ceo-geht-es-nicht\\\/#article\",\"isPartOf\":{\"@id\":\"https:\\\/\\\/www.bamacgroup.com\\\/de\\\/blog\\\/makro-steuerung-in-der-konzern-it-ohne-aufsichtsrat-und-ceo-geht-es-nicht\\\/\"},\"author\":{\"name\":\"J\u00fcrgen W. Bach\",\"@id\":\"https:\\\/\\\/www.bamacgroup.com\\\/de\\\/#\\\/schema\\\/person\\\/a9ed748e9604c07531c731b380229cef\"},\"headline\":\"Makro-Steuerung in der Konzern IT: Ohne Vorstand, Kontrollorgan und Politik geht es nicht!\",\"datePublished\":\"2024-03-19T09:17:05+00:00\",\"dateModified\":\"2025-03-06T11:59:41+00:00\",\"mainEntityOfPage\":{\"@id\":\"https:\\\/\\\/www.bamacgroup.com\\\/de\\\/blog\\\/makro-steuerung-in-der-konzern-it-ohne-aufsichtsrat-und-ceo-geht-es-nicht\\\/\"},\"wordCount\":1391,\"publisher\":{\"@id\":\"https:\\\/\\\/www.bamacgroup.com\\\/de\\\/#organization\"},\"image\":{\"@id\":\"https:\\\/\\\/www.bamacgroup.com\\\/de\\\/blog\\\/makro-steuerung-in-der-konzern-it-ohne-aufsichtsrat-und-ceo-geht-es-nicht\\\/#primaryimage\"},\"thumbnailUrl\":\"https:\\\/\\\/www.bamacgroup.com\\\/wp-content\\\/uploads\\\/bamac-group-bg.jpg\",\"keywords\":[\"Compliance\",\"IT Strategie &amp; Transformation\",\"IT Wertbeitrag\"],\"articleSection\":[\"Compliance\",\"IT Strategie &amp; Transformation\",\"Kolumne\"],\"inLanguage\":\"de\"},{\"@type\":[\"WebPage\",\"ItemPage\"],\"@id\":\"https:\\\/\\\/www.bamacgroup.com\\\/de\\\/blog\\\/makro-steuerung-in-der-konzern-it-ohne-aufsichtsrat-und-ceo-geht-es-nicht\\\/\",\"url\":\"https:\\\/\\\/www.bamacgroup.com\\\/de\\\/blog\\\/makro-steuerung-in-der-konzern-it-ohne-aufsichtsrat-und-ceo-geht-es-nicht\\\/\",\"name\":\"Makro-Steuerung in der Konzern IT... - Blog der BAMAC Group\",\"isPartOf\":{\"@id\":\"https:\\\/\\\/www.bamacgroup.com\\\/de\\\/#website\"},\"primaryImageOfPage\":{\"@id\":\"https:\\\/\\\/www.bamacgroup.com\\\/de\\\/blog\\\/makro-steuerung-in-der-konzern-it-ohne-aufsichtsrat-und-ceo-geht-es-nicht\\\/#primaryimage\"},\"image\":{\"@id\":\"https:\\\/\\\/www.bamacgroup.com\\\/de\\\/blog\\\/makro-steuerung-in-der-konzern-it-ohne-aufsichtsrat-und-ceo-geht-es-nicht\\\/#primaryimage\"},\"thumbnailUrl\":\"https:\\\/\\\/www.bamacgroup.com\\\/wp-content\\\/uploads\\\/bamac-group-bg.jpg\",\"datePublished\":\"2024-03-19T09:17:05+00:00\",\"dateModified\":\"2025-03-06T11:59:41+00:00\",\"description\":\"Makro-Steuerung in der Konzern IT:... In diesem Beitrag werden eine Auswahl von strukturellen Schwachstellen...\",\"breadcrumb\":{\"@id\":\"https:\\\/\\\/www.bamacgroup.com\\\/de\\\/blog\\\/makro-steuerung-in-der-konzern-it-ohne-aufsichtsrat-und-ceo-geht-es-nicht\\\/#breadcrumb\"},\"inLanguage\":\"de\",\"potentialAction\":[{\"@type\":\"ReadAction\",\"target\":[\"https:\\\/\\\/www.bamacgroup.com\\\/de\\\/blog\\\/makro-steuerung-in-der-konzern-it-ohne-aufsichtsrat-und-ceo-geht-es-nicht\\\/\"]}]},{\"@type\":\"ImageObject\",\"inLanguage\":\"de\",\"@id\":\"https:\\\/\\\/www.bamacgroup.com\\\/de\\\/blog\\\/makro-steuerung-in-der-konzern-it-ohne-aufsichtsrat-und-ceo-geht-es-nicht\\\/#primaryimage\",\"url\":\"https:\\\/\\\/www.bamacgroup.com\\\/wp-content\\\/uploads\\\/bamac-group-bg.jpg\",\"contentUrl\":\"https:\\\/\\\/www.bamacgroup.com\\\/wp-content\\\/uploads\\\/bamac-group-bg.jpg\",\"width\":1500,\"height\":1000,\"caption\":\"Fassade eines B\u00fcrogeb\u00e4udes, in dem sich B\u00e4ume spiegeln. Im Vordergrund sind eine Kiefer und ein anderer Nadelbaum angeschnitten. Insgesamt ist das Bild sehr gr\u00fcn.\"},{\"@type\":\"BreadcrumbList\",\"@id\":\"https:\\\/\\\/www.bamacgroup.com\\\/de\\\/blog\\\/makro-steuerung-in-der-konzern-it-ohne-aufsichtsrat-und-ceo-geht-es-nicht\\\/#breadcrumb\",\"itemListElement\":[{\"@type\":\"ListItem\",\"position\":1,\"name\":\"Startseite\",\"item\":\"https:\\\/\\\/www.bamacgroup.com\\\/de\\\/\"},{\"@type\":\"ListItem\",\"position\":2,\"name\":\"Makro-Steuerung in der Konzern IT: Ohne Vorstand, Kontrollorgan und Politik geht es nicht!\"}]},{\"@type\":\"WebSite\",\"@id\":\"https:\\\/\\\/www.bamacgroup.com\\\/de\\\/#website\",\"url\":\"https:\\\/\\\/www.bamacgroup.com\\\/de\\\/\",\"name\":\"BAMAC Group | IT Value Growth\",\"description\":\"Ihr Management- und Technologieberater auf dem Weg zur digitalen Exzellenz!\",\"publisher\":{\"@id\":\"https:\\\/\\\/www.bamacgroup.com\\\/de\\\/#organization\"},\"alternateName\":\"BAMAC\",\"potentialAction\":[{\"@type\":\"SearchAction\",\"target\":{\"@type\":\"EntryPoint\",\"urlTemplate\":\"https:\\\/\\\/www.bamacgroup.com\\\/de\\\/?s={search_term_string}\"},\"query-input\":{\"@type\":\"PropertyValueSpecification\",\"valueRequired\":true,\"valueName\":\"search_term_string\"}}],\"inLanguage\":\"de\"},{\"@type\":\"Organization\",\"@id\":\"https:\\\/\\\/www.bamacgroup.com\\\/de\\\/#organization\",\"name\":\"BAMAC Group GmbH\",\"url\":\"https:\\\/\\\/www.bamacgroup.com\\\/de\\\/\",\"logo\":{\"@type\":\"ImageObject\",\"inLanguage\":\"de\",\"@id\":\"https:\\\/\\\/www.bamacgroup.com\\\/de\\\/#\\\/schema\\\/logo\\\/image\\\/\",\"url\":\"https:\\\/\\\/www.bamacgroup.com\\\/wp-content\\\/uploads\\\/Logo_LinkedIn_RGB.png\",\"contentUrl\":\"https:\\\/\\\/www.bamacgroup.com\\\/wp-content\\\/uploads\\\/Logo_LinkedIn_RGB.png\",\"width\":300,\"height\":300,\"caption\":\"BAMAC Group GmbH\"},\"image\":{\"@id\":\"https:\\\/\\\/www.bamacgroup.com\\\/de\\\/#\\\/schema\\\/logo\\\/image\\\/\"},\"sameAs\":[\"https:\\\/\\\/www.facebook.com\\\/BAMACGroupGmbh\",\"https:\\\/\\\/www.linkedin.com\\\/company\\\/bamac-group\\\/\",\"https:\\\/\\\/www.instagram.com\\\/bamacgroup\\\/\",\"https:\\\/\\\/www.xing.com\\\/pages\\\/bamac-group-gmbh\"],\"description\":\"Die BAMAC Group liefert als Beratungsunternehmen seit mehr als 27 Jahren verl\u00e4ssliche Antworten auf die Frage nach dem Wertbeitrag von Informationstechnologie. Mit der Idee, Leistungen in der Software-Entwicklung messbar und unter wirtschaftlichen Randbedingungen transparent zu machen, startete J\u00fcrgen W. Bach im Jahr 1995 seine Unternehmung als Freiberufler, die er nach ersten erfolgreichen Jahren im Jahr 2004 in eine GmbH \u00fcberf\u00fchrte. Heute, \u00fcber 25 Jahre sp\u00e4ter, bietet die BAMAC Group, gegliedert in sieben Business Units unter einem Dach, Leistungen zur Steigerung des Wertbeitrags an.\u202f\u202f\",\"email\":\"info@bamacgroup.com\",\"telephone\":\"+49 (0) 40 60 7733 950\",\"legalName\":\"BAMAC Group GmbH\",\"vatID\":\"DE 234 747 277\",\"numberOfEmployees\":{\"@type\":\"QuantitativeValue\",\"minValue\":\"11\",\"maxValue\":\"50\"}},{\"@type\":\"Person\",\"@id\":\"https:\\\/\\\/www.bamacgroup.com\\\/de\\\/#\\\/schema\\\/person\\\/a9ed748e9604c07531c731b380229cef\",\"name\":\"J\u00fcrgen W. Bach\",\"image\":{\"@type\":\"ImageObject\",\"inLanguage\":\"de\",\"@id\":\"https:\\\/\\\/bamacgroup.com\\\/wp-content\\\/uploads\\\/cropped-64c01d280c1e3ffaabc4d362ac7e4e04-96x96.png\",\"url\":\"https:\\\/\\\/bamacgroup.com\\\/wp-content\\\/uploads\\\/cropped-64c01d280c1e3ffaabc4d362ac7e4e04-96x96.png\",\"contentUrl\":\"https:\\\/\\\/bamacgroup.com\\\/wp-content\\\/uploads\\\/cropped-64c01d280c1e3ffaabc4d362ac7e4e04-96x96.png\",\"caption\":\"J\u00fcrgen W. Bach\"},\"description\":\"J\u00fcrgen Bach is a versatile digital expert with academic roots in an interdisciplinary study of mathematics, computer science, and psychology. Since 1996, he has been bringing his extensive experience to software development, significantly supporting companies from various sectors such as banking, insurance, logistics, and industry. He also shares his knowledge as a trainer in seminars and delivers lectures on effective control mechanisms in the technology sector. As an entrepreneur, Bach has not only created new business models but also shared his insights with a broader audience as an author of specialized articles. His expertise as a consultant and coach is particularly sought after in the areas of management and IT strategy, where he guides organizations on their path to digital excellence with his well-founded approach.\",\"sameAs\":[\"https:\\\/\\\/www.linkedin.com\\\/in\\\/juergen-bach-bamac\\\/\"]}]}<\/script>\n<!-- \/ Yoast SEO Premium plugin. -->","yoast_head_json":{"title":"Makro-Steuerung in der Konzern IT... - Blog der BAMAC Group","description":"Makro-Steuerung in der Konzern IT:... In diesem Beitrag werden eine Auswahl von strukturellen Schwachstellen...","robots":{"index":"index","follow":"follow","max-snippet":"max-snippet:-1","max-image-preview":"max-image-preview:large","max-video-preview":"max-video-preview:-1"},"canonical":"https:\/\/www.bamacgroup.com\/de\/blog\/makro-steuerung-in-der-konzern-it-ohne-aufsichtsrat-und-ceo-geht-es-nicht\/","og_locale":"de_DE","og_type":"article","og_title":"Makro-Steuerung in der Konzern IT: Ohne Vorstand, Kontrollorgan und Politik geht es nicht!","og_description":"Makro-Steuerung in der Konzern IT:... In diesem Beitrag werden eine Auswahl von strukturellen Schwachstellen...","og_url":"https:\/\/www.bamacgroup.com\/de\/blog\/makro-steuerung-in-der-konzern-it-ohne-aufsichtsrat-und-ceo-geht-es-nicht\/","og_site_name":"BAMAC Group | IT Value Growth","article_publisher":"https:\/\/www.facebook.com\/BAMACGroupGmbh","article_published_time":"2024-03-19T09:17:05+00:00","article_modified_time":"2025-03-06T11:59:41+00:00","og_image":[{"width":1500,"height":1000,"url":"https:\/\/www.bamacgroup.com\/wp-content\/uploads\/bamac-group-bg.jpg","type":"image\/jpeg"}],"author":"J\u00fcrgen W. Bach","twitter_card":"summary_large_image","schema":{"@context":"https:\/\/schema.org","@graph":[{"@type":["Article","BlogPosting"],"@id":"https:\/\/www.bamacgroup.com\/de\/blog\/makro-steuerung-in-der-konzern-it-ohne-aufsichtsrat-und-ceo-geht-es-nicht\/#article","isPartOf":{"@id":"https:\/\/www.bamacgroup.com\/de\/blog\/makro-steuerung-in-der-konzern-it-ohne-aufsichtsrat-und-ceo-geht-es-nicht\/"},"author":{"name":"J\u00fcrgen W. Bach","@id":"https:\/\/www.bamacgroup.com\/de\/#\/schema\/person\/a9ed748e9604c07531c731b380229cef"},"headline":"Makro-Steuerung in der Konzern IT: Ohne Vorstand, Kontrollorgan und Politik geht es nicht!","datePublished":"2024-03-19T09:17:05+00:00","dateModified":"2025-03-06T11:59:41+00:00","mainEntityOfPage":{"@id":"https:\/\/www.bamacgroup.com\/de\/blog\/makro-steuerung-in-der-konzern-it-ohne-aufsichtsrat-und-ceo-geht-es-nicht\/"},"wordCount":1391,"publisher":{"@id":"https:\/\/www.bamacgroup.com\/de\/#organization"},"image":{"@id":"https:\/\/www.bamacgroup.com\/de\/blog\/makro-steuerung-in-der-konzern-it-ohne-aufsichtsrat-und-ceo-geht-es-nicht\/#primaryimage"},"thumbnailUrl":"https:\/\/www.bamacgroup.com\/wp-content\/uploads\/bamac-group-bg.jpg","keywords":["Compliance","IT Strategie &amp; Transformation","IT Wertbeitrag"],"articleSection":["Compliance","IT Strategie &amp; Transformation","Kolumne"],"inLanguage":"de"},{"@type":["WebPage","ItemPage"],"@id":"https:\/\/www.bamacgroup.com\/de\/blog\/makro-steuerung-in-der-konzern-it-ohne-aufsichtsrat-und-ceo-geht-es-nicht\/","url":"https:\/\/www.bamacgroup.com\/de\/blog\/makro-steuerung-in-der-konzern-it-ohne-aufsichtsrat-und-ceo-geht-es-nicht\/","name":"Makro-Steuerung in der Konzern IT... - Blog der BAMAC Group","isPartOf":{"@id":"https:\/\/www.bamacgroup.com\/de\/#website"},"primaryImageOfPage":{"@id":"https:\/\/www.bamacgroup.com\/de\/blog\/makro-steuerung-in-der-konzern-it-ohne-aufsichtsrat-und-ceo-geht-es-nicht\/#primaryimage"},"image":{"@id":"https:\/\/www.bamacgroup.com\/de\/blog\/makro-steuerung-in-der-konzern-it-ohne-aufsichtsrat-und-ceo-geht-es-nicht\/#primaryimage"},"thumbnailUrl":"https:\/\/www.bamacgroup.com\/wp-content\/uploads\/bamac-group-bg.jpg","datePublished":"2024-03-19T09:17:05+00:00","dateModified":"2025-03-06T11:59:41+00:00","description":"Makro-Steuerung in der Konzern IT:... In diesem Beitrag werden eine Auswahl von strukturellen Schwachstellen...","breadcrumb":{"@id":"https:\/\/www.bamacgroup.com\/de\/blog\/makro-steuerung-in-der-konzern-it-ohne-aufsichtsrat-und-ceo-geht-es-nicht\/#breadcrumb"},"inLanguage":"de","potentialAction":[{"@type":"ReadAction","target":["https:\/\/www.bamacgroup.com\/de\/blog\/makro-steuerung-in-der-konzern-it-ohne-aufsichtsrat-und-ceo-geht-es-nicht\/"]}]},{"@type":"ImageObject","inLanguage":"de","@id":"https:\/\/www.bamacgroup.com\/de\/blog\/makro-steuerung-in-der-konzern-it-ohne-aufsichtsrat-und-ceo-geht-es-nicht\/#primaryimage","url":"https:\/\/www.bamacgroup.com\/wp-content\/uploads\/bamac-group-bg.jpg","contentUrl":"https:\/\/www.bamacgroup.com\/wp-content\/uploads\/bamac-group-bg.jpg","width":1500,"height":1000,"caption":"Fassade eines B\u00fcrogeb\u00e4udes, in dem sich B\u00e4ume spiegeln. Im Vordergrund sind eine Kiefer und ein anderer Nadelbaum angeschnitten. Insgesamt ist das Bild sehr gr\u00fcn."},{"@type":"BreadcrumbList","@id":"https:\/\/www.bamacgroup.com\/de\/blog\/makro-steuerung-in-der-konzern-it-ohne-aufsichtsrat-und-ceo-geht-es-nicht\/#breadcrumb","itemListElement":[{"@type":"ListItem","position":1,"name":"Startseite","item":"https:\/\/www.bamacgroup.com\/de\/"},{"@type":"ListItem","position":2,"name":"Makro-Steuerung in der Konzern IT: Ohne Vorstand, Kontrollorgan und Politik geht es nicht!"}]},{"@type":"WebSite","@id":"https:\/\/www.bamacgroup.com\/de\/#website","url":"https:\/\/www.bamacgroup.com\/de\/","name":"BAMAC Group | IT Value Growth","description":"Ihr Management- und Technologieberater auf dem Weg zur digitalen Exzellenz!","publisher":{"@id":"https:\/\/www.bamacgroup.com\/de\/#organization"},"alternateName":"BAMAC","potentialAction":[{"@type":"SearchAction","target":{"@type":"EntryPoint","urlTemplate":"https:\/\/www.bamacgroup.com\/de\/?s={search_term_string}"},"query-input":{"@type":"PropertyValueSpecification","valueRequired":true,"valueName":"search_term_string"}}],"inLanguage":"de"},{"@type":"Organization","@id":"https:\/\/www.bamacgroup.com\/de\/#organization","name":"BAMAC Group GmbH","url":"https:\/\/www.bamacgroup.com\/de\/","logo":{"@type":"ImageObject","inLanguage":"de","@id":"https:\/\/www.bamacgroup.com\/de\/#\/schema\/logo\/image\/","url":"https:\/\/www.bamacgroup.com\/wp-content\/uploads\/Logo_LinkedIn_RGB.png","contentUrl":"https:\/\/www.bamacgroup.com\/wp-content\/uploads\/Logo_LinkedIn_RGB.png","width":300,"height":300,"caption":"BAMAC Group GmbH"},"image":{"@id":"https:\/\/www.bamacgroup.com\/de\/#\/schema\/logo\/image\/"},"sameAs":["https:\/\/www.facebook.com\/BAMACGroupGmbh","https:\/\/www.linkedin.com\/company\/bamac-group\/","https:\/\/www.instagram.com\/bamacgroup\/","https:\/\/www.xing.com\/pages\/bamac-group-gmbh"],"description":"Die BAMAC Group liefert als Beratungsunternehmen seit mehr als 27 Jahren verl\u00e4ssliche Antworten auf die Frage nach dem Wertbeitrag von Informationstechnologie. Mit der Idee, Leistungen in der Software-Entwicklung messbar und unter wirtschaftlichen Randbedingungen transparent zu machen, startete J\u00fcrgen W. Bach im Jahr 1995 seine Unternehmung als Freiberufler, die er nach ersten erfolgreichen Jahren im Jahr 2004 in eine GmbH \u00fcberf\u00fchrte. Heute, \u00fcber 25 Jahre sp\u00e4ter, bietet die BAMAC Group, gegliedert in sieben Business Units unter einem Dach, Leistungen zur Steigerung des Wertbeitrags an.\u202f\u202f","email":"info@bamacgroup.com","telephone":"+49 (0) 40 60 7733 950","legalName":"BAMAC Group GmbH","vatID":"DE 234 747 277","numberOfEmployees":{"@type":"QuantitativeValue","minValue":"11","maxValue":"50"}},{"@type":"Person","@id":"https:\/\/www.bamacgroup.com\/de\/#\/schema\/person\/a9ed748e9604c07531c731b380229cef","name":"J\u00fcrgen W. Bach","image":{"@type":"ImageObject","inLanguage":"de","@id":"https:\/\/bamacgroup.com\/wp-content\/uploads\/cropped-64c01d280c1e3ffaabc4d362ac7e4e04-96x96.png","url":"https:\/\/bamacgroup.com\/wp-content\/uploads\/cropped-64c01d280c1e3ffaabc4d362ac7e4e04-96x96.png","contentUrl":"https:\/\/bamacgroup.com\/wp-content\/uploads\/cropped-64c01d280c1e3ffaabc4d362ac7e4e04-96x96.png","caption":"J\u00fcrgen W. Bach"},"description":"J\u00fcrgen Bach is a versatile digital expert with academic roots in an interdisciplinary study of mathematics, computer science, and psychology. Since 1996, he has been bringing his extensive experience to software development, significantly supporting companies from various sectors such as banking, insurance, logistics, and industry. He also shares his knowledge as a trainer in seminars and delivers lectures on effective control mechanisms in the technology sector. As an entrepreneur, Bach has not only created new business models but also shared his insights with a broader audience as an author of specialized articles. His expertise as a consultant and coach is particularly sought after in the areas of management and IT strategy, where he guides organizations on their path to digital excellence with his well-founded approach.","sameAs":["https:\/\/www.linkedin.com\/in\/juergen-bach-bamac\/"]}]}},"_links":{"self":[{"href":"https:\/\/www.bamacgroup.com\/de\/wp-json\/wp\/v2\/posts\/611","targetHints":{"allow":["GET"]}}],"collection":[{"href":"https:\/\/www.bamacgroup.com\/de\/wp-json\/wp\/v2\/posts"}],"about":[{"href":"https:\/\/www.bamacgroup.com\/de\/wp-json\/wp\/v2\/types\/post"}],"author":[{"embeddable":true,"href":"https:\/\/www.bamacgroup.com\/de\/wp-json\/wp\/v2\/users\/4"}],"replies":[{"embeddable":true,"href":"https:\/\/www.bamacgroup.com\/de\/wp-json\/wp\/v2\/comments?post=611"}],"version-history":[{"count":11,"href":"https:\/\/www.bamacgroup.com\/de\/wp-json\/wp\/v2\/posts\/611\/revisions"}],"predecessor-version":[{"id":7409,"href":"https:\/\/www.bamacgroup.com\/de\/wp-json\/wp\/v2\/posts\/611\/revisions\/7409"}],"wp:featuredmedia":[{"embeddable":true,"href":"https:\/\/www.bamacgroup.com\/de\/wp-json\/wp\/v2\/media\/7090"}],"wp:attachment":[{"href":"https:\/\/www.bamacgroup.com\/de\/wp-json\/wp\/v2\/media?parent=611"}],"wp:term":[{"taxonomy":"category","embeddable":true,"href":"https:\/\/www.bamacgroup.com\/de\/wp-json\/wp\/v2\/categories?post=611"},{"taxonomy":"post_tag","embeddable":true,"href":"https:\/\/www.bamacgroup.com\/de\/wp-json\/wp\/v2\/tags?post=611"}],"curies":[{"name":"wp","href":"https:\/\/api.w.org\/{rel}","templated":true}]}}